{"id":9512,"date":"2025-09-08T00:03:51","date_gmt":"2025-09-07T21:03:51","guid":{"rendered":"https:\/\/www.dankedigital.co\/blog\/?p=9512"},"modified":"2025-09-08T00:45:59","modified_gmt":"2025-09-07T21:45:59","slug":"basin-bulteni-nedir-7-adimda-nasil-hazirlanir-orneklerli-rehber","status":"publish","type":"post","link":"https:\/\/www.dankedigital.co\/blog\/basin-bulteni-nedir-7-adimda-nasil-hazirlanir-orneklerli-rehber\/","title":{"rendered":"Bas\u0131n B\u00fclteni Nedir? 7 Ad\u0131mda Nas\u0131l Haz\u0131rlan\u0131r? \u00d6rneklerli Rehber"},"content":{"rendered":"<?xml encoding=\"utf-8\" ?><figure class=\"wp-block-embed is-type-rich is-provider-spotify wp-block-embed-spotify wp-embed-aspect-21-9 wp-has-aspect-ratio\"><div class=\"wp-block-embed__wrapper\">\n<iframe title=\"Spotify Embed: Bas&#305;n B&uuml;lteni Nedir? 7 Ad&#305;mda Nas&#305;l Haz&#305;rlan&#305;r? &Ouml;rneklerli Rehber\" style=\"border-radius: 12px\" width=\"100%\" height=\"152\" frameborder=\"0\" allowfullscreen allow=\"autoplay; clipboard-write; encrypted-media; fullscreen; picture-in-picture\" loading=\"lazy\" src=\"https:\/\/open.spotify.com\/embed\/episode\/0wQstpMdZ5FwFBKbnIbTyh?si=XGWXgz3mRaeFKtHv0aG2DQ&amp;utm_source=oembed\"><\/iframe>\n<\/div><\/figure><p>Dijital pazarlaman&#305;n y&uuml;kseli&#351;iyle sosyal medya, bloglar, influencer i&#351; birlikleri hayat&#305;m&#305;z&#305;n merkezine girdi. Peki h&acirc;l&acirc; bas&#305;n b&uuml;ltenine ihtiya&ccedil; var m&#305;? T&uuml;rkiye&rsquo;deki ileti&#351;im prati&#287;ine bakarsak, cevab&#305; &ccedil;ok net: <strong>evet.<\/strong><\/p><p>Bas&#305;n b&uuml;lteni, markalar&#305;n veya kurumlar&#305;n <strong>haber de&#287;erine sahip geli&#351;melerini medya arac&#305;l&#305;&#287;&#305;yla kamuoyuna duyurmas&#305;n&#305;n en profesyonel yolu<\/strong>. Reklamdan farkl&#305; olarak daha g&uuml;venilir alg&#305;lan&#305;r &ccedil;&uuml;nk&uuml; do&#287;rudan &ldquo;haber&rdquo; dilinde yaz&#305;l&#305;r.<\/p><p>&Ouml;zellikle T&uuml;rkiye&rsquo;de:<\/p><ul class=\"wp-block-list\">\n<li>Gazeteler, TV kanallar&#305;, haber portallar&#305; ve ajanslar h&acirc;l&acirc; g&uuml;ndem belirleyici rol oynuyor.<\/li>\n\n\n\n<li>Markalar i&ccedil;in &ldquo;habere konu olmak&rdquo;, sadece reklam vermekten &ccedil;ok daha de&#287;erli bir prestij sa&#287;l&#305;yor.<\/li>\n\n\n\n<li>STK&rsquo;lar, giri&#351;imler, KOB&#304;&rsquo;ler i&ccedil;in bas&#305;n b&uuml;lteni, <strong>g&ouml;r&uuml;n&uuml;r olman&#305;n d&uuml;&#351;&uuml;k maliyetli ama etkili<\/strong> bir y&ouml;ntemidir.<\/li>\n<\/ul><p>Bir ba&#351;ka a&ccedil;&#305;dan, bas&#305;n b&uuml;lteni i&ccedil;erik pazarlamas&#305;n&#305;n da &ouml;nemli bir par&ccedil;as&#305;d&#305;r. Blog yaz&#305;lar&#305;, sosyal medya i&ccedil;erikleri ve dijital kampanyalarla birlikte markan&#305;z&#305;n otoritesini g&uuml;&ccedil;lendirir.<br>Daha geni&#351; i&ccedil;erik stratejisi ba&#287;lam&#305;nda: <a href=\"https:\/\/www.dankedigital.co\/dijital-pazarlama-hizmeti\/\" target=\"_blank\" rel=\"noreferrer noopener\">Dijital Pazarlama Hizmeti<\/a><\/p><h3 class=\"wp-block-heading\">1. Bas&#305;n B&uuml;lteni Nedir?<\/h3><p>Bas&#305;n b&uuml;lteni, bir kurumun, markan&#305;n veya etkinli&#287;in <strong>haber de&#287;erine sahip geli&#351;mesini medyaya duyurmak i&ccedil;in haz&#305;rlanan resmi metin<\/strong>tir. Gazetecilerin i&#351;ini kolayla&#351;t&#305;r&#305;r; &ccedil;&uuml;nk&uuml; bir haberi yazmalar&#305; i&ccedil;in gerekli olan t&uuml;m bilgileri haz&#305;r formatta sunar.<\/p><h4 class=\"wp-block-heading\">Bas&#305;n B&uuml;lteni Ne De&#287;ildir?<\/h4><ul class=\"wp-block-list\">\n<li><strong>Reklam de&#287;ildir:<\/strong> Sat&#305;&#351;a odakl&#305;, abart&#305;l&#305; dil kullan&#305;lmaz.<\/li>\n\n\n\n<li><strong>Blog yaz&#305;s&#305; de&#287;ildir:<\/strong> Daha k&#305;sa, do&#287;rudan ve resmi bir dille yaz&#305;l&#305;r.<\/li>\n\n\n\n<li><strong>Kurumsal tan&#305;t&#305;m dosyas&#305; de&#287;ildir:<\/strong> Sadece belirli bir geli&#351;meyi, haber niteli&#287;i ta&#351;&#305;yan olay&#305; aktar&#305;r.<\/li>\n<\/ul><div class=\"wp-block-image\">\n<figure class=\"aligncenter size-large\"><img fetchpriority=\"high\" decoding=\"async\" width=\"1024\" height=\"637\" src=\"https:\/\/www.dankedigital.co\/blog\/wp-content\/uploads\/2025\/09\/koc-holding-basin-bulteni-ornegi-1-1024x637.jpg\" alt=\"\" class=\"wp-image-9514\" srcset=\"https:\/\/www.dankedigital.co\/blog\/wp-content\/uploads\/2025\/09\/koc-holding-basin-bulteni-ornegi-1-1024x637.jpg 1024w, https:\/\/www.dankedigital.co\/blog\/wp-content\/uploads\/2025\/09\/koc-holding-basin-bulteni-ornegi-1-300x187.jpg 300w, https:\/\/www.dankedigital.co\/blog\/wp-content\/uploads\/2025\/09\/koc-holding-basin-bulteni-ornegi-1-768x478.jpg 768w, https:\/\/www.dankedigital.co\/blog\/wp-content\/uploads\/2025\/09\/koc-holding-basin-bulteni-ornegi-1-527x328.jpg 527w, https:\/\/www.dankedigital.co\/blog\/wp-content\/uploads\/2025\/09\/koc-holding-basin-bulteni-ornegi-1-1054x656.jpg 1054w, https:\/\/www.dankedigital.co\/blog\/wp-content\/uploads\/2025\/09\/koc-holding-basin-bulteni-ornegi-1-688x428.jpg 688w, https:\/\/www.dankedigital.co\/blog\/wp-content\/uploads\/2025\/09\/koc-holding-basin-bulteni-ornegi-1-1044x650.jpg 1044w, https:\/\/www.dankedigital.co\/blog\/wp-content\/uploads\/2025\/09\/koc-holding-basin-bulteni-ornegi-1.jpg 1107w\" sizes=\"(max-width: 1024px) 100vw, 1024px\" \/><\/figure>\n<\/div><h5 class=\"wp-block-heading\">T&uuml;rkiye&rsquo;den &Ouml;rnek<\/h5><ul class=\"wp-block-list\">\n<li>Ko&ccedil; Holding&rsquo;in 10 Kas&#305;m i&ccedil;in haz&#305;rlad&#305;&#287;&#305; bas&#305;n b&uuml;lteni (&ouml;rnekte oldu&#287;u gibi) duygusal bir film kampanyas&#305;n&#305; tan&#305;t&#305;yor ama bunu reklam diliyle de&#287;il, <strong>haber diliyle<\/strong> yap&#305;yor.<\/li>\n\n\n\n<li>Darphane&rsquo;nin hat&#305;ra para i&ccedil;in haz&#305;rlad&#305;&#287;&#305; b&uuml;lten, teknik bilgileri (a&#287;&#305;rl&#305;k, &ccedil;ap, fiyat) net bir &#351;ekilde veriyor.<\/li>\n<\/ul><p>Marka alg&#305;s&#305;n&#305;n neden &ouml;nemli oldu&#287;unu &ouml;&#287;renmek i&ccedil;in: <a href=\"https:\/\/www.dankedigital.co\/blog\/marka-algisi-nedir-nasil-olculur-ve-iyilestirilir\/\" target=\"_blank\" rel=\"noreferrer noopener\">Marka Alg&#305;s&#305; Nedir?<\/a><\/p><h3 class=\"wp-block-heading\">2. Haber De&#287;eri Olan Bir Konu Belirleyin<\/h3><p>Bas&#305;n b&uuml;lteninin en kritik noktas&#305;, <strong>konunun ger&ccedil;ekten haber de&#287;eri ta&#351;&#305;mas&#305;d&#305;r.<\/strong> E&#287;er konu s&#305;radan bir i&ccedil; geli&#351;me ise (&ouml;rne&#287;in ofise yeni masa al&#305;nmas&#305;) medya ilgilenmez.<\/p><h4 class=\"wp-block-heading\">Hangi Konular Haber De&#287;eri Ta&#351;&#305;r?<\/h4><ul class=\"wp-block-list\">\n<li><strong>Yeni &uuml;r&uuml;n veya hizmet lansman&#305;:<\/strong> Bir &#351;irketin piyasaya s&uuml;rd&uuml;&#287;&uuml; yeni &uuml;r&uuml;n ya da teknolojik &ccedil;&ouml;z&uuml;m.<\/li>\n\n\n\n<li><strong>&#304;&#351; birli&#287;i ve ortakl&#305;klar:<\/strong> &Ouml;rn. Galatasaray &ndash; TTNET i&#351; birli&#287;i ile ak&#305;ll&#305; stadyum projesi.<\/li>\n\n\n\n<li><strong>Etkinlikler ve &ouml;zel g&uuml;nler:<\/strong> Konferans, fuar kat&#305;l&#305;m&#305;, toplumsal anma g&uuml;nleri.<\/li>\n\n\n\n<li><strong>&Ouml;d&uuml;l ve ba&#351;ar&#305;lar:<\/strong> Al&#305;nan ulusal\/uluslararas&#305; &ouml;d&uuml;ller.<\/li>\n\n\n\n<li><strong>Toplumsal projeler:<\/strong> Sosyal sorumluluk &ccedil;al&#305;&#351;malar&#305; (&ouml;rne&#287;in Anadolu Otizm Vakf&#305;&rsquo;n&#305;n otizm alan&#305;nda y&uuml;r&uuml;tt&uuml;&#287;&uuml; &ccedil;al&#305;&#351;malar).<\/li>\n<\/ul><figure class=\"wp-block-image size-large\"><img decoding=\"async\" width=\"717\" height=\"1024\" src=\"https:\/\/www.dankedigital.co\/blog\/wp-content\/uploads\/2025\/09\/darphane-basin-bulteni-ornegi-717x1024.jpg\" alt=\"\" class=\"wp-image-9515\" srcset=\"https:\/\/www.dankedigital.co\/blog\/wp-content\/uploads\/2025\/09\/darphane-basin-bulteni-ornegi-717x1024.jpg 717w, https:\/\/www.dankedigital.co\/blog\/wp-content\/uploads\/2025\/09\/darphane-basin-bulteni-ornegi-210x300.jpg 210w, https:\/\/www.dankedigital.co\/blog\/wp-content\/uploads\/2025\/09\/darphane-basin-bulteni-ornegi-768x1097.jpg 768w, https:\/\/www.dankedigital.co\/blog\/wp-content\/uploads\/2025\/09\/darphane-basin-bulteni-ornegi-527x753.jpg 527w, https:\/\/www.dankedigital.co\/blog\/wp-content\/uploads\/2025\/09\/darphane-basin-bulteni-ornegi-688x983.jpg 688w, https:\/\/www.dankedigital.co\/blog\/wp-content\/uploads\/2025\/09\/darphane-basin-bulteni-ornegi.jpg 770w\" sizes=\"(max-width: 717px) 100vw, 717px\" \/><figcaption class=\"wp-element-caption\">Screenshot<\/figcaption><\/figure><h5 class=\"wp-block-heading\">T&uuml;rkiye&rsquo;den &Ouml;rnekler<\/h5><ul class=\"wp-block-list\">\n<li><strong>Darphane Bas&#305;n B&uuml;lteni:<\/strong> Hat&#305;ra para sat&#305;&#351;&#305;n&#305; duyururken, hem k&uuml;lt&uuml;rel hem ekonomik bir haber niteli&#287;i ta&#351;&#305;yor.<\/li>\n\n\n\n<li><strong>Ko&ccedil; Holding Bas&#305;n B&uuml;lteni:<\/strong> 10 Kas&#305;m i&ccedil;in haz&#305;rlanan film, milli de&#287;erlerle ba&#287;lant&#305; kurarak haber de&#287;erini art&#305;r&#305;yor.<\/li>\n<\/ul><p>\n  <img decoding=\"async\" src=\"https:\/\/www.dankedigital.co\/blog\/wp-content\/uploads\/2024\/09\/Twitter_Verified_Badge.svg_.png\" alt=\"Twitter Verified Badge\" style=\"width:20px; height:auto; vertical-align:middle; margin-right:5px;\"> Danke Digital Uzmanlar&#305; &Ouml;neriyor\n<\/p><p>T&uuml;rkiye&rsquo;de bas&#305;n b&uuml;lteni haz&#305;rlarken konunuzu belirlerken &#351;u soruyu sorun:<br>&ldquo;Bu geli&#351;me sadece bizim i&ccedil;in mi &ouml;nemli, yoksa kamuoyunda da ilgi uyand&#305;r&#305;r m&#305;?&rdquo;<\/p><p>Etkinliklerinizi medya planlamas&#305;yla nas&#305;l destekleyece&#287;inizi &ouml;&#287;renmek i&ccedil;in: <a href=\"https:\/\/www.dankedigital.co\/blog\/medya-planlama-nedir-9-adimda-medya-plani-nasil-olusturulur\/\">Medya Planlama Nedir? 9 Ad&#305;mda Medya Plan&#305; Nas&#305;l Olu&#351;turulur?<\/a><\/p><h3 class=\"wp-block-heading\">3. G&uuml;&ccedil;l&uuml; ve Dikkat &Ccedil;ekici Bir Ba&#351;l&#305;k Yaz&#305;n<\/h3><p>Bas&#305;n b&uuml;lteninin ba&#351;ar&#305;s&#305; &ccedil;o&#287;u zaman ba&#351;l&#305;kta gizlidir. &Ccedil;&uuml;nk&uuml; gazeteciler y&uuml;zlerce e-posta i&ccedil;inde sadece dikkat &ccedil;eken ba&#351;l&#305;klara t&#305;klar.<\/p><h4 class=\"wp-block-heading\">&#304;yi Bir Bas&#305;n B&uuml;lteni Ba&#351;l&#305;&#287;&#305; Nas&#305;l Olmal&#305;?<\/h4><ul class=\"wp-block-list\">\n<li><strong>K&#305;sa ve net:<\/strong> 10&ndash;12 kelimeyi ge&ccedil;memeli.<\/li>\n\n\n\n<li><strong>Haber diliyle yaz&#305;lmal&#305;:<\/strong> Reklam slogan&#305; gibi de&#287;il, haber c&uuml;mlesi gibi olmal&#305;.<\/li>\n\n\n\n<li><strong>&Ouml;z&uuml; yans&#305;tmal&#305;:<\/strong> Okuyan ki&#351;i, tek c&uuml;mlede konuyu anlamal&#305;.<\/li>\n\n\n\n<li><strong>Merak uyand&#305;rmal&#305;:<\/strong> Abart&#305;dan ka&ccedil;&#305;narak ilgi &ccedil;ekici bir y&ouml;n&uuml; &ouml;ne &ccedil;&#305;karmal&#305;.<\/li>\n<\/ul><div class=\"wp-block-image\">\n<figure class=\"aligncenter size-large\"><img decoding=\"async\" width=\"492\" height=\"1024\" src=\"https:\/\/www.dankedigital.co\/blog\/wp-content\/uploads\/2025\/09\/danke-digitalin-ornek-basin-bulteni-sablonu-1-492x1024.jpg\" alt=\"\" class=\"wp-image-9520\" srcset=\"https:\/\/www.dankedigital.co\/blog\/wp-content\/uploads\/2025\/09\/danke-digitalin-ornek-basin-bulteni-sablonu-1-492x1024.jpg 492w, https:\/\/www.dankedigital.co\/blog\/wp-content\/uploads\/2025\/09\/danke-digitalin-ornek-basin-bulteni-sablonu-1-144x300.jpg 144w, https:\/\/www.dankedigital.co\/blog\/wp-content\/uploads\/2025\/09\/danke-digitalin-ornek-basin-bulteni-sablonu-1-768x1597.jpg 768w, https:\/\/www.dankedigital.co\/blog\/wp-content\/uploads\/2025\/09\/danke-digitalin-ornek-basin-bulteni-sablonu-1-739x1536.jpg 739w, https:\/\/www.dankedigital.co\/blog\/wp-content\/uploads\/2025\/09\/danke-digitalin-ornek-basin-bulteni-sablonu-1-527x1096.jpg 527w, https:\/\/www.dankedigital.co\/blog\/wp-content\/uploads\/2025\/09\/danke-digitalin-ornek-basin-bulteni-sablonu-1-688x1431.jpg 688w, https:\/\/www.dankedigital.co\/blog\/wp-content\/uploads\/2025\/09\/danke-digitalin-ornek-basin-bulteni-sablonu-1.jpg 980w\" sizes=\"(max-width: 492px) 100vw, 492px\" \/><\/figure>\n<\/div><h4 class=\"wp-block-heading\">T&uuml;rkiye&rsquo;den Ba&#351;l&#305;k &Ouml;rnekleri<\/h4><ul class=\"wp-block-list\">\n<li><strong>Ko&ccedil; Holding:<\/strong> &ldquo;Ko&ccedil; Holding&rsquo;den 10 Kas&#305;m Mesaj&#305;: B&#305;rakamay&#305;z Seni, Eserin Bize Emanet&rdquo;<br>-Hem duygusal hem haber niteli&#287;i ta&#351;&#305;yor.<\/li>\n\n\n\n<li><strong>Galatasaray &ndash; TTNET:<\/strong> &ldquo;Galatasaray Spor Kul&uuml;b&uuml; ile TTNET &#304;&#351;birli&#287;i Anla&#351;mas&#305; &#304;mzaland&#305;: T&uuml;rkiye&rsquo;nin &#304;lk Ak&#305;ll&#305; Stad&#305; T&uuml;rk Telekom Arena Olacak&rdquo;<br>-Net, iddial&#305; ve haber dilinde.<\/li>\n\n\n\n<li><strong>Darphane:<\/strong> &ldquo;Saltuklular Anadolu Beylikleri Serisi No:4 Hat&#305;ra Para Sat&#305;&#351;a Sunuldu&rdquo;<br>-Tarih ve k&uuml;lt&uuml;r ba&#287;lant&#305;s&#305;n&#305; &ouml;ne &ccedil;&#305;kar&#305;yor.<\/li>\n<\/ul><p>\n  <img decoding=\"async\" src=\"https:\/\/www.dankedigital.co\/blog\/wp-content\/uploads\/2024\/09\/Twitter_Verified_Badge.svg_.png\" alt=\"Twitter Verified Badge\" style=\"width:20px; height:auto; vertical-align:middle; margin-right:5px;\"> Danke Digital Uzmanlar&#305; &Ouml;neriyor\n<\/p><p>Ba&#351;l&#305;&#287;&#305; olu&#351;tururken kendinize &#351;u soruyu sorun:<br>&ldquo;Bu ba&#351;l&#305;&#287;&#305; bir gazetede g&ouml;rsem, haberi okumak ister miyim?&rdquo;<\/p><p>Dikkat &ccedil;ekici ifadeler i&ccedil;in ilham: <a href=\"https:\/\/www.dankedigital.co\/blog\/pazarlamada-duygulara-hitap-eden-120-ikna-edici-kelime\/\">Pazarlamada Duygulara Hitap Eden 120 &#304;kna Edici Kelime<\/a><\/p><h3 class=\"wp-block-heading\">4. Giri&#351; Paragraf&#305; ile Temel Bilgileri Verin<\/h3><p>Bas&#305;n b&uuml;lteninde giri&#351; paragraf&#305; en kritik k&#305;s&#305;md&#305;r. &Ccedil;&uuml;nk&uuml; gazeteci ya da edit&ouml;r bu k&#305;sm&#305; okuyup devam etmeye karar verir. Bu b&ouml;l&uuml;mde <strong>5N1K<\/strong> (Ne, Nerede, Ne Zaman, Nas&#305;l, Kim, Neden) sorular&#305;na net yan&#305;t vermek gerekir.<\/p><h4 class=\"wp-block-heading\">&#304;yi Bir Giri&#351; Nas&#305;l Olur?<\/h4><ul class=\"wp-block-list\">\n<li>Haberin en &ouml;nemli k&#305;sm&#305;n&#305; saklamay&#305;n; do&#287;rudan verin.<\/li>\n\n\n\n<li>3&ndash;4 c&uuml;mleyi ge&ccedil;meyin.<\/li>\n\n\n\n<li>Resmi ama ak&#305;c&#305; bir dil kullan&#305;n.<\/li>\n<\/ul><div class=\"wp-block-image\">\n<figure class=\"aligncenter size-large\"><img loading=\"lazy\" decoding=\"async\" width=\"747\" height=\"1024\" src=\"https:\/\/www.dankedigital.co\/blog\/wp-content\/uploads\/2025\/09\/anadolu-otizm-vakfi-basin-bulteni-ornegi-1-747x1024.jpg\" alt=\"\" class=\"wp-image-9518\" srcset=\"https:\/\/www.dankedigital.co\/blog\/wp-content\/uploads\/2025\/09\/anadolu-otizm-vakfi-basin-bulteni-ornegi-1-747x1024.jpg 747w, https:\/\/www.dankedigital.co\/blog\/wp-content\/uploads\/2025\/09\/anadolu-otizm-vakfi-basin-bulteni-ornegi-1-219x300.jpg 219w, https:\/\/www.dankedigital.co\/blog\/wp-content\/uploads\/2025\/09\/anadolu-otizm-vakfi-basin-bulteni-ornegi-1-768x1053.jpg 768w, https:\/\/www.dankedigital.co\/blog\/wp-content\/uploads\/2025\/09\/anadolu-otizm-vakfi-basin-bulteni-ornegi-1-1120x1536.jpg 1120w, https:\/\/www.dankedigital.co\/blog\/wp-content\/uploads\/2025\/09\/anadolu-otizm-vakfi-basin-bulteni-ornegi-1-527x723.jpg 527w, https:\/\/www.dankedigital.co\/blog\/wp-content\/uploads\/2025\/09\/anadolu-otizm-vakfi-basin-bulteni-ornegi-1-1054x1446.jpg 1054w, https:\/\/www.dankedigital.co\/blog\/wp-content\/uploads\/2025\/09\/anadolu-otizm-vakfi-basin-bulteni-ornegi-1-688x944.jpg 688w, https:\/\/www.dankedigital.co\/blog\/wp-content\/uploads\/2025\/09\/anadolu-otizm-vakfi-basin-bulteni-ornegi-1-1044x1432.jpg 1044w, https:\/\/www.dankedigital.co\/blog\/wp-content\/uploads\/2025\/09\/anadolu-otizm-vakfi-basin-bulteni-ornegi-1-1400x1920.jpg 1400w, https:\/\/www.dankedigital.co\/blog\/wp-content\/uploads\/2025\/09\/anadolu-otizm-vakfi-basin-bulteni-ornegi-1.jpg 1493w\" sizes=\"(max-width: 747px) 100vw, 747px\" \/><\/figure>\n<\/div><h5 class=\"wp-block-heading\">&Ouml;rnek 1 &ndash; Darphane<\/h5><p>&ldquo;Darphane, Saltuklular Beyli&#287;i serisi kapsam&#305;nda haz&#305;rlad&#305;&#287;&#305; hat&#305;ra paras&#305;n&#305; 21 &#350;ubat 2024 itibar&#305;yla sat&#305;&#351;a sundu. 20 TL de&#287;erindeki hat&#305;ra para 31.500 adet bas&#305;ld&#305; ve s&#305;n&#305;rl&#305; say&#305;da koleksiyonerlerle bulu&#351;tu.&rdquo;<br>&rarr; &ldquo;Ne, ne zaman, kim, nerede&rdquo; bilgileri tek paragrafta verilmi&#351;.<\/p><h5 class=\"wp-block-heading\">&Ouml;rnek 2 &ndash; &#304;&#351; Birli&#287;i Duyurusu<\/h5><p>&ldquo;Galatasaray Spor Kul&uuml;b&uuml; ile TTNET aras&#305;nda imzalanan i&#351; birli&#287;i anla&#351;mas&#305;yla, T&uuml;rkiye&rsquo;nin ilk ak&#305;ll&#305; stad&#305; olan T&uuml;rk Telekom Arena&rsquo;da dijital altyap&#305; g&uuml;&ccedil;lendirildi. Proje, taraftarlara daha h&#305;zl&#305; internet ve yeni nesil dijital hizmetler sunmay&#305; ama&ccedil;l&#305;yor.&rdquo;<br>&rarr; K&#305;sa, net, haber diliyle.<\/p><p>\n  <img decoding=\"async\" src=\"https:\/\/www.dankedigital.co\/blog\/wp-content\/uploads\/2024\/09\/Twitter_Verified_Badge.svg_.png\" alt=\"Twitter Verified Badge\" style=\"width:20px; height:auto; vertical-align:middle; margin-right:5px;\"> Danke Digital Uzmanlar&#305; &Ouml;neriyor\n<\/p><p>T&uuml;rkiye&rsquo;de bir&ccedil;ok markan&#305;n yapt&#305;&#287;&#305; hata, giri&#351; b&ouml;l&uuml;m&uuml;n&uuml; &ldquo;reklam metni&rdquo; gibi yazmakt&#305;r. &Ouml;rne&#287;in: <em>&ldquo;Sekt&ouml;r&uuml;n&uuml;n lideri X markas&#305; yine devrim yaratt&#305;&hellip;&rdquo;<\/em> &rarr; Bu dil g&uuml;ven kaybettirir. Bas&#305;n b&uuml;lteninde <strong>bilgilendirme &ouml;ncelikli<\/strong>, pazarlama dili arka planda olmal&#305;d&#305;r.<\/p><p>Daha detayl&#305; i&ccedil;erik kurgusu i&ccedil;in: <a href=\"https:\/\/www.dankedigital.co\/blog\/metinlerinizde-donusumu-artiracak-19-noropazarlama-yontemi\/\">&#304;&ccedil;eriklerinizde D&ouml;n&uuml;&#351;&uuml;m&uuml; Art&#305;racak 19 N&ouml;ropazarlama Y&ouml;ntemi<\/a><\/p><h3 class=\"wp-block-heading\">5. Detaylar&#305; Ak&#305;c&#305; Bir Dille Anlat&#305;n<\/h3><p>Giri&#351; paragraf&#305;nda temel bilgileri verdikten sonra, b&uuml;ltenin orta k&#305;sm&#305;nda haberin ayr&#305;nt&#305;lar&#305;n&#305; aktarman&#305;z gerekir. Bu b&ouml;l&uuml;mde ama&ccedil;, gazetecinin haberi kendi yay&#305;n&#305;nda geni&#351;letebilmesi i&ccedil;in gerekli verileri sa&#287;lamakt&#305;r.<\/p><h4 class=\"wp-block-heading\">Nelere Yer Verilmeli?<\/h4><ul class=\"wp-block-list\">\n<li><strong>Arka plan bilgisi:<\/strong> Projenin veya geli&#351;menin neden &ouml;nemli oldu&#287;u.<\/li>\n\n\n\n<li><strong>Veriler ve rakamlar:<\/strong> &Ouml;l&ccedil;ek, yat&#305;r&#305;m miktar&#305;, kullan&#305;c&#305; say&#305;s&#305;, sat&#305;&#351; rakamlar&#305;.<\/li>\n\n\n\n<li><strong>&Ouml;zellikler:<\/strong> E&#287;er &uuml;r&uuml;n\/hizmet lansman&#305;ysa, &ouml;ne &ccedil;&#305;kan teknik &ouml;zellikler veya faydalar.<\/li>\n\n\n\n<li><strong>Toplumsal ba&#287;:<\/strong> T&uuml;rkiye&rsquo;de &ouml;zellikle sosyal fayda, k&uuml;lt&uuml;rel de&#287;erler ve yerel katk&#305;lar medyada daha fazla ilgi &ccedil;eker.<\/li>\n<\/ul><div class=\"wp-block-image\">\n<figure class=\"aligncenter size-full\"><img loading=\"lazy\" decoding=\"async\" width=\"452\" height=\"640\" src=\"https:\/\/www.dankedigital.co\/blog\/wp-content\/uploads\/2025\/09\/Basin-bulteni-galatasaray.jpg\" alt=\"\" class=\"wp-image-9516\" srcset=\"https:\/\/www.dankedigital.co\/blog\/wp-content\/uploads\/2025\/09\/Basin-bulteni-galatasaray.jpg 452w, https:\/\/www.dankedigital.co\/blog\/wp-content\/uploads\/2025\/09\/Basin-bulteni-galatasaray-212x300.jpg 212w\" sizes=\"(max-width: 452px) 100vw, 452px\" \/><\/figure>\n<\/div><h5 class=\"wp-block-heading\">T&uuml;rkiye&rsquo;den &Ouml;rnek<\/h5><ul class=\"wp-block-list\">\n<li>Darphane&rsquo;nin b&uuml;lteninde yaln&#305;zca &ldquo;para sat&#305;&#351;a sunuldu&rdquo; denmedi; <strong>a&#287;&#305;rl&#305;k, &ccedil;ap, maden t&uuml;r&uuml;, bas&#305;m adedi<\/strong> gibi detaylar verildi.<\/li>\n\n\n\n<li>TTNET &ndash; Galatasaray i&#351; birli&#287;inde ise projenin teknik boyutlar&#305; (internet h&#305;zlar&#305;, kapsama alan&#305;, yeni dijital hizmetler) a&ccedil;&#305;klanarak haber g&uuml;&ccedil;lendirildi.<\/li>\n<\/ul><p>\n  <img decoding=\"async\" src=\"https:\/\/www.dankedigital.co\/blog\/wp-content\/uploads\/2024\/09\/Twitter_Verified_Badge.svg_.png\" alt=\"Twitter Verified Badge\" style=\"width:20px; height:auto; vertical-align:middle; margin-right:5px;\"> Danke Digital Uzmanlar&#305; &Ouml;neriyor\n<\/p><p>Bas&#305;n b&uuml;lteninizde mutlaka:<\/p><ul class=\"wp-block-list\">\n<li>&Ouml;l&ccedil;&uuml;lebilir bir veri ekleyin (&ldquo;%30 h&#305;z art&#305;&#351;&#305;&rdquo;, &ldquo;50 bin kullan&#305;c&#305;ya ula&#351;&#305;ld&#305;&rdquo; gibi).<\/li>\n\n\n\n<li>&ldquo;Genel ve bo&#351;&rdquo; ifadelerden ka&ccedil;&#305;n&#305;n. (&ldquo;&ccedil;ok b&uuml;y&uuml;k ilgi g&ouml;rd&uuml;&rdquo;, &ldquo;harika bir proje&rdquo; &rarr; gazeteci i&ccedil;in haber de&#287;eri ta&#351;&#305;maz.)<\/li>\n\n\n\n<li>C&uuml;mlelerin k&#305;sa ve okunabilir olmas&#305;na dikkat edin.<\/li>\n<\/ul><p>Okuyucunun dikkatini daha uzun s&uuml;re yakalamak i&ccedil;in i&ccedil;erikte nas&#305;l yap&#305; kurman&#305;z gerekti&#287;ini &ouml;&#287;renmek i&ccedil;in: <a href=\"https:\/\/www.dankedigital.co\/blog\/marka-hikayesi-anlatmanin-8-etkili-yolu\/\" target=\"_blank\" rel=\"noreferrer noopener\">Marka Hikayesi Anlatman&#305;n 8 Etkili Yolu<\/a><\/p><h3 class=\"wp-block-heading\">6. Al&#305;nt&#305;lar Ekleyin<\/h3><p>Bas&#305;n b&uuml;lteninin en g&uuml;venilir k&#305;s&#305;mlar&#305;ndan biri, do&#287;rudan ilgili ki&#351;ilerden yap&#305;lan al&#305;nt&#305;lard&#305;r. Al&#305;nt&#305;lar, haberin resmiyetini art&#305;r&#305;r ve insani bir dokunu&#351; katar.<\/p><h4 class=\"wp-block-heading\">Neden &Ouml;nemlidir?<\/h4><ul class=\"wp-block-list\">\n<li>Haberin &ldquo;tek tarafl&#305;&rdquo; bir kurumsal a&ccedil;&#305;klama gibi g&ouml;r&uuml;nmesini engeller.<\/li>\n\n\n\n<li>Gazeteciler i&ccedil;in haz&#305;r al&#305;nt&#305;lar, haberi zenginle&#351;tirici bir unsurdur.<\/li>\n\n\n\n<li>Okuyucuya, geli&#351;menin &ldquo;ger&ccedil;ek ki&#351;iler&rdquo; taraf&#305;ndan sahiplenildi&#287;ini hissettirir.<\/li>\n<\/ul><h4 class=\"wp-block-heading\">Kimlerden Al&#305;nt&#305; Eklenmeli?<\/h4><ul class=\"wp-block-list\">\n<li><strong>&#350;irket y&ouml;neticileri:<\/strong> CEO, genel m&uuml;d&uuml;r, pazarlama direkt&ouml;r&uuml;.<\/li>\n\n\n\n<li><strong>Proje ortaklar&#305;:<\/strong> &#304;&#351; birli&#287;i yap&#305;lan kurum veya marka temsilcileri.<\/li>\n\n\n\n<li><strong>Uzmanlar:<\/strong> Akademisyenler, sekt&ouml;r profesyonelleri, ba&#287;&#305;ms&#305;z dan&#305;&#351;manlar.<\/li>\n<\/ul><h5 class=\"wp-block-heading\">T&uuml;rkiye&rsquo;den &Ouml;rnek<\/h5><ul class=\"wp-block-list\">\n<li>Bir teknoloji &uuml;r&uuml;n&uuml;n&uuml;n lansman&#305;nda, &#351;irket CEO&rsquo;sunun &ldquo;T&uuml;rkiye&rsquo;de ilk defa uygulan&#305;yor&rdquo; c&uuml;mlesi, hem haber de&#287;eri hem g&uuml;ven unsuru katt&#305;.<\/li>\n<\/ul><p>\n  <img decoding=\"async\" src=\"https:\/\/www.dankedigital.co\/blog\/wp-content\/uploads\/2024\/09\/Twitter_Verified_Badge.svg_.png\" alt=\"Twitter Verified Badge\" style=\"width:20px; height:auto; vertical-align:middle; margin-right:5px;\"> Danke Digital Uzmanlar&#305; &Ouml;neriyor\n<\/p><ul class=\"wp-block-list\">\n<li>Al&#305;nt&#305;lar &ldquo;reklam dili&rdquo; ile de&#287;il, <strong>do&#287;al bir konu&#351;ma tonu<\/strong> ile yaz&#305;lmal&#305;.<\/li>\n\n\n\n<li>&ldquo;Biz sekt&ouml;r&uuml;n lideriyiz&rdquo; gibi iddial&#305; ve kan&#305;ts&#305;z s&ouml;zlerden ka&ccedil;&#305;n&#305;n.<\/li>\n\n\n\n<li>Al&#305;nt&#305;da mutlaka geli&#351;menin faydas&#305;na veya vizyonuna vurgu yap&#305;n.<\/li>\n<\/ul><p>&#304;leti&#351;im stratejilerinizi do&#287;ru kurmak i&ccedil;in: <a href=\"https:\/\/www.dankedigital.co\/blog\/musteri-stratejisi-nedir-nasil-olusturulur-ve-neden-onemli\/\" target=\"_blank\" rel=\"noreferrer noopener\">M&uuml;&#351;teri Stratejisi Nedir?<\/a><\/p><h2 class=\"wp-block-heading\">&Ouml;rnek Bas&#305;n B&uuml;lteni<\/h2><p><strong>Ba&#351;l&#305;k:<\/strong><br>&ldquo;XYZ Teknoloji, T&uuml;rkiye&rsquo;nin &#304;lk Yapay Zek&acirc; Destekli E&#287;itim Platformunu Tan&#305;tt&#305;&rdquo;<\/p><p><strong>Giri&#351; Paragraf&#305;:<\/strong><br>XYZ Teknoloji, e&#287;itimde dijital d&ouml;n&uuml;&#351;&uuml;m&uuml; h&#305;zland&#305;rmak amac&#305;yla geli&#351;tirdi&#287;i yapay zek&acirc; destekli platformunu 7 Eyl&uuml;l 2025 tarihinde &#304;stanbul&rsquo;da d&uuml;zenlenen bir lansmanla tan&#305;tt&#305;. Platform, &ouml;&#287;rencilere ki&#351;iselle&#351;tirilmi&#351; &ouml;&#287;renme deneyimi sunmay&#305; hedefliyor.<\/p><p><strong>Detaylar:<\/strong><br>Yeni platform, &ouml;&#287;rencilerin &ouml;&#287;renme h&#305;z&#305;na ve ihtiya&ccedil;lar&#305;na g&ouml;re ders i&ccedil;eriklerini uyarl&#305;yor. Sistem ayn&#305; zamanda &ouml;&#287;retmenlere s&#305;n&#305;f performans raporlar&#305; sunarak, dersleri daha verimli hale getirmelerine yard&#305;mc&#305; oluyor. Pilot uygulamada 5.000 &ouml;&#287;renciyle test edilen platform, %30 daha h&#305;zl&#305; &ouml;&#287;renme oran&#305; sa&#287;lad&#305;.<\/p><p><strong>Al&#305;nt&#305;:<\/strong><br>XYZ Teknoloji CEO&rsquo;su Ay&#351;e Y&#305;lmaz, &ldquo;T&uuml;rkiye&rsquo;de e&#287;itimde f&#305;rsat e&#351;itli&#287;ini art&#305;rmak i&ccedil;in teknolojiye yat&#305;r&#305;m yap&#305;yoruz. Yapay zek&acirc; destekli platformumuz, &ouml;&#287;rencilerin bireysel ihtiya&ccedil;lar&#305;na cevap vererek &ouml;&#287;renme s&uuml;re&ccedil;lerini kolayla&#351;t&#305;racak&rdquo; dedi.<\/p><p><strong>Kapan&#305;&#351; &amp; &#304;leti&#351;im:<\/strong><br>Bas&#305;n &#304;leti&#351;im:<br>Mert Sabuncu &ndash; Kurumsal &#304;leti&#351;im M&uuml;d&uuml;r&uuml;<br>Tel: +90 212 000 00 00<br>E-posta: <a>mert@dankedigital.co<\/a><br>Web: <a>www.dankedigital.co<\/a><\/p><h4 class=\"wp-block-heading\">Danke Digital Olarak Bas&#305;n B&uuml;lteninde Profesyonel Destek Veriyoruz<\/h4><p>Bas&#305;n b&uuml;lteni yazmak, sadece haberi duyurmak de&#287;il; markan&#305;z&#305;n g&uuml;venilirli&#287;ini ve konumlamas&#305;n&#305; peki&#351;tiren kritik bir ileti&#351;im arac&#305;d&#305;r. T&uuml;rkiye&rsquo;deki medya dinamiklerini bilen, i&ccedil;erik pazarlamas&#305;yla b&uuml;t&uuml;nle&#351;mi&#351; bir b&uuml;lten haz&#305;rlamak i&ccedil;in profesyonel destek almak &ccedil;ok &ouml;nemlidir.<\/p><ul class=\"wp-block-list\">\n<li>Haber de&#287;eri y&uuml;ksek i&ccedil;erikleri do&#287;ru dilde yaz&#305;yor,<\/li>\n\n\n\n<li>Medya planlamas&#305;yla destekliyor,<\/li>\n\n\n\n<li>Bas&#305;n b&uuml;ltenlerinizi markan&#305;z&#305;n genel dijital stratejisiyle uyumlu hale getiriyoruz.<\/li>\n<\/ul><p>Markan&#305;z&#305; medyada g&uuml;&ccedil;l&uuml; bir &#351;ekilde konumland&#305;rmak i&ccedil;in bizimle ileti&#351;ime ge&ccedil;in:<br><a href=\"https:\/\/www.dankedigital.co\/iletisim\/\" target=\"_blank\" rel=\"noreferrer noopener\">&#304;leti&#351;im<\/a> &lsquo;e ge&ccedil;in<\/p>\n","protected":false},"excerpt":{"rendered":"Dijital pazarlaman&#305;n y&uuml;kseli&#351;iyle sosyal medya, bloglar, influencer i&#351; birlikleri hayat&#305;m&#305;z&#305;n merkezine girdi. Peki h&acirc;l&acirc; bas&#305;n b&uuml;ltenine ihtiya&ccedil; var&hellip;","protected":false},"author":1,"featured_media":9521,"comment_status":"open","ping_status":"open","sticky":false,"template":"","format":"standard","meta":{"csco_display_header_overlay":false,"csco_singular_sidebar":"","csco_page_header_type":"","csco_page_load_nextpost":"","csco_post_video_location":[],"csco_post_video_location_hash":"","csco_post_video_url":"","csco_post_video_bg_start_time":0,"csco_post_video_bg_end_time":0,"footnotes":""},"categories":[27,26],"tags":[],"class_list":{"0":"post-9512","1":"post","2":"type-post","3":"status-publish","4":"format-standard","5":"has-post-thumbnail","7":"category-marka-rehberi","8":"category-metin-yazarligi","9":"cs-entry","10":"cs-video-wrap"},"yoast_head":"<!-- This site is optimized with the Yoast SEO plugin v25.8 - https:\/\/yoast.com\/wordpress\/plugins\/seo\/ -->\n<title>Bas\u0131n B\u00fclteni Nedir? 7 Ad\u0131mda Nas\u0131l Haz\u0131rlan\u0131r? \u00d6rneklerli Rehber<\/title>\n<meta name=\"description\" content=\"Bas\u0131n b\u00fclteni nedir, nas\u0131l yaz\u0131l\u0131r? Bas\u0131n b\u00fclteni haz\u0131rlarken dikkat edilmesi gereken ad\u0131mlar ve T\u00fcrkiye\u2019den \u00f6rnekler.\" \/>\n<meta name=\"robots\" content=\"index, follow, max-snippet:-1, max-image-preview:large, max-video-preview:-1\" \/>\n<link rel=\"canonical\" href=\"https:\/\/www.dankedigital.co\/blog\/basin-bulteni-nedir-7-adimda-nasil-hazirlanir-orneklerli-rehber\/\" \/>\n<meta property=\"og:locale\" content=\"tr_TR\" \/>\n<meta property=\"og:type\" content=\"article\" \/>\n<meta property=\"og:title\" content=\"Bas\u0131n B\u00fclteni Nedir? 7 Ad\u0131mda Nas\u0131l Haz\u0131rlan\u0131r? \u00d6rneklerli Rehber\" \/>\n<meta property=\"og:description\" content=\"Bas\u0131n b\u00fclteni nedir, nas\u0131l yaz\u0131l\u0131r? Bas\u0131n b\u00fclteni haz\u0131rlarken dikkat edilmesi gereken ad\u0131mlar ve T\u00fcrkiye\u2019den \u00f6rnekler.\" \/>\n<meta property=\"og:url\" content=\"https:\/\/www.dankedigital.co\/blog\/basin-bulteni-nedir-7-adimda-nasil-hazirlanir-orneklerli-rehber\/\" \/>\n<meta property=\"og:site_name\" content=\"Danke Digital Blog\" \/>\n<meta property=\"article:author\" content=\"https:\/\/www.facebook.com\/p\/Mert-Sabuncu-61569340207872\/\" \/>\n<meta property=\"article:published_time\" content=\"2025-09-07T21:03:51+00:00\" \/>\n<meta property=\"article:modified_time\" content=\"2025-09-07T21:45:59+00:00\" \/>\n<meta property=\"og:image\" content=\"https:\/\/www.dankedigital.co\/blog\/wp-content\/uploads\/2025\/09\/Basin-bulteni-nedir-nasil-hazirlanir-7-adim-rehber.jpg\" \/>\n\t<meta property=\"og:image:width\" content=\"1200\" \/>\n\t<meta property=\"og:image:height\" content=\"673\" \/>\n\t<meta property=\"og:image:type\" content=\"image\/jpeg\" \/>\n<meta name=\"author\" content=\"Mert Sabuncu\" \/>\n<meta name=\"twitter:card\" content=\"summary_large_image\" \/>\n<meta name=\"twitter:label1\" content=\"Yazan:\" \/>\n\t<meta name=\"twitter:data1\" content=\"Mert Sabuncu\" \/>\n\t<meta name=\"twitter:label2\" content=\"Tahmini okuma s\u00fcresi\" \/>\n\t<meta name=\"twitter:data2\" content=\"10 dakika\" \/>\n<script type=\"application\/ld+json\" class=\"yoast-schema-graph\">{\"@context\":\"https:\/\/schema.org\",\"@graph\":[{\"@type\":\"Article\",\"@id\":\"https:\/\/www.dankedigital.co\/blog\/basin-bulteni-nedir-7-adimda-nasil-hazirlanir-orneklerli-rehber\/#article\",\"isPartOf\":{\"@id\":\"https:\/\/www.dankedigital.co\/blog\/basin-bulteni-nedir-7-adimda-nasil-hazirlanir-orneklerli-rehber\/\"},\"author\":{\"name\":\"Mert Sabuncu\",\"@id\":\"https:\/\/www.dankedigital.co\/blog\/#\/schema\/person\/e3ce979bdeec403b65a035a62a79596b\"},\"headline\":\"Bas\u0131n B\u00fclteni Nedir? 7 Ad\u0131mda Nas\u0131l Haz\u0131rlan\u0131r? \u00d6rneklerli Rehber\",\"datePublished\":\"2025-09-07T21:03:51+00:00\",\"dateModified\":\"2025-09-07T21:45:59+00:00\",\"mainEntityOfPage\":{\"@id\":\"https:\/\/www.dankedigital.co\/blog\/basin-bulteni-nedir-7-adimda-nasil-hazirlanir-orneklerli-rehber\/\"},\"wordCount\":1879,\"commentCount\":0,\"publisher\":{\"@id\":\"https:\/\/www.dankedigital.co\/blog\/#organization\"},\"image\":{\"@id\":\"https:\/\/www.dankedigital.co\/blog\/basin-bulteni-nedir-7-adimda-nasil-hazirlanir-orneklerli-rehber\/#primaryimage\"},\"thumbnailUrl\":\"https:\/\/www.dankedigital.co\/blog\/wp-content\/uploads\/2025\/09\/Basin-bulteni-nedir-nasil-hazirlanir-7-adim-rehber.jpg\",\"articleSection\":[\"Marka Rehberi\",\"Metin Yazarl\u0131\u011f\u0131\"],\"inLanguage\":\"tr\",\"potentialAction\":[{\"@type\":\"CommentAction\",\"name\":\"Comment\",\"target\":[\"https:\/\/www.dankedigital.co\/blog\/basin-bulteni-nedir-7-adimda-nasil-hazirlanir-orneklerli-rehber\/#respond\"]}]},{\"@type\":\"WebPage\",\"@id\":\"https:\/\/www.dankedigital.co\/blog\/basin-bulteni-nedir-7-adimda-nasil-hazirlanir-orneklerli-rehber\/\",\"url\":\"https:\/\/www.dankedigital.co\/blog\/basin-bulteni-nedir-7-adimda-nasil-hazirlanir-orneklerli-rehber\/\",\"name\":\"Bas\u0131n B\u00fclteni Nedir? 7 Ad\u0131mda Nas\u0131l Haz\u0131rlan\u0131r? \u00d6rneklerli Rehber\",\"isPartOf\":{\"@id\":\"https:\/\/www.dankedigital.co\/blog\/#website\"},\"primaryImageOfPage\":{\"@id\":\"https:\/\/www.dankedigital.co\/blog\/basin-bulteni-nedir-7-adimda-nasil-hazirlanir-orneklerli-rehber\/#primaryimage\"},\"image\":{\"@id\":\"https:\/\/www.dankedigital.co\/blog\/basin-bulteni-nedir-7-adimda-nasil-hazirlanir-orneklerli-rehber\/#primaryimage\"},\"thumbnailUrl\":\"https:\/\/www.dankedigital.co\/blog\/wp-content\/uploads\/2025\/09\/Basin-bulteni-nedir-nasil-hazirlanir-7-adim-rehber.jpg\",\"datePublished\":\"2025-09-07T21:03:51+00:00\",\"dateModified\":\"2025-09-07T21:45:59+00:00\",\"description\":\"Bas\u0131n b\u00fclteni nedir, nas\u0131l yaz\u0131l\u0131r? Bas\u0131n b\u00fclteni haz\u0131rlarken dikkat edilmesi gereken ad\u0131mlar ve T\u00fcrkiye\u2019den \u00f6rnekler.\",\"breadcrumb\":{\"@id\":\"https:\/\/www.dankedigital.co\/blog\/basin-bulteni-nedir-7-adimda-nasil-hazirlanir-orneklerli-rehber\/#breadcrumb\"},\"inLanguage\":\"tr\",\"potentialAction\":[{\"@type\":\"ReadAction\",\"target\":[\"https:\/\/www.dankedigital.co\/blog\/basin-bulteni-nedir-7-adimda-nasil-hazirlanir-orneklerli-rehber\/\"]}]},{\"@type\":\"ImageObject\",\"inLanguage\":\"tr\",\"@id\":\"https:\/\/www.dankedigital.co\/blog\/basin-bulteni-nedir-7-adimda-nasil-hazirlanir-orneklerli-rehber\/#primaryimage\",\"url\":\"https:\/\/www.dankedigital.co\/blog\/wp-content\/uploads\/2025\/09\/Basin-bulteni-nedir-nasil-hazirlanir-7-adim-rehber.jpg\",\"contentUrl\":\"https:\/\/www.dankedigital.co\/blog\/wp-content\/uploads\/2025\/09\/Basin-bulteni-nedir-nasil-hazirlanir-7-adim-rehber.jpg\",\"width\":1200,\"height\":673},{\"@type\":\"BreadcrumbList\",\"@id\":\"https:\/\/www.dankedigital.co\/blog\/basin-bulteni-nedir-7-adimda-nasil-hazirlanir-orneklerli-rehber\/#breadcrumb\",\"itemListElement\":[{\"@type\":\"ListItem\",\"position\":1,\"name\":\"Anasayfa\",\"item\":\"https:\/\/www.dankedigital.co\/blog\/\"},{\"@type\":\"ListItem\",\"position\":2,\"name\":\"Bas\u0131n B\u00fclteni Nedir? 7 Ad\u0131mda Nas\u0131l Haz\u0131rlan\u0131r? \u00d6rneklerli Rehber\"}]},{\"@type\":\"WebSite\",\"@id\":\"https:\/\/www.dankedigital.co\/blog\/#website\",\"url\":\"https:\/\/www.dankedigital.co\/blog\/\",\"name\":\"Danke Digital Blog\",\"description\":\"\",\"publisher\":{\"@id\":\"https:\/\/www.dankedigital.co\/blog\/#organization\"},\"potentialAction\":[{\"@type\":\"SearchAction\",\"target\":{\"@type\":\"EntryPoint\",\"urlTemplate\":\"https:\/\/www.dankedigital.co\/blog\/?s={search_term_string}\"},\"query-input\":{\"@type\":\"PropertyValueSpecification\",\"valueRequired\":true,\"valueName\":\"search_term_string\"}}],\"inLanguage\":\"tr\"},{\"@type\":\"Organization\",\"@id\":\"https:\/\/www.dankedigital.co\/blog\/#organization\",\"name\":\"Danke Digital Blog\",\"url\":\"https:\/\/www.dankedigital.co\/blog\/\",\"logo\":{\"@type\":\"ImageObject\",\"inLanguage\":\"tr\",\"@id\":\"https:\/\/www.dankedigital.co\/blog\/#\/schema\/logo\/image\/\",\"url\":\"https:\/\/www.dankedigital.co\/blog\/wp-content\/uploads\/2025\/08\/cropped-cropped-dankee.jpg\",\"contentUrl\":\"https:\/\/www.dankedigital.co\/blog\/wp-content\/uploads\/2025\/08\/cropped-cropped-dankee.jpg\",\"width\":512,\"height\":512,\"caption\":\"Danke Digital Blog\"},\"image\":{\"@id\":\"https:\/\/www.dankedigital.co\/blog\/#\/schema\/logo\/image\/\"}},{\"@type\":\"Person\",\"@id\":\"https:\/\/www.dankedigital.co\/blog\/#\/schema\/person\/e3ce979bdeec403b65a035a62a79596b\",\"name\":\"Mert Sabuncu\",\"image\":{\"@type\":\"ImageObject\",\"inLanguage\":\"tr\",\"@id\":\"https:\/\/www.dankedigital.co\/blog\/#\/schema\/person\/image\/\",\"url\":\"https:\/\/secure.gravatar.com\/avatar\/8acfe736f28010765bcf1135543985f580f097aeb570aa308a0a4e2d1cb3384d?s=96&d=mm&r=g\",\"contentUrl\":\"https:\/\/secure.gravatar.com\/avatar\/8acfe736f28010765bcf1135543985f580f097aeb570aa308a0a4e2d1cb3384d?s=96&d=mm&r=g\",\"caption\":\"Mert Sabuncu\"},\"description\":\"Merhaba, ben Mert Sabuncu. Beyo\u011flu \u0130stanbul do\u011fumluyum. Beykent \u00dcniversitesi\u2019nde, G\u00f6rsel \u0130leti\u015fim ve Tasar\u0131m, \u0130stanbul \u00dcniversitesinde Gazetecilik okudum. 15 y\u0131l\u0131 a\u015fk\u0131n s\u00fcredir dijital pazarlama alan\u0131nda aktif olarak \u00e7al\u0131\u015f\u0131yorum. Bug\u00fcne kadar y\u00fczlerce markaya, ajansa, i\u015fletmeye ve giri\u015fimciye dijital \u00e7\u00f6z\u00fcmler sundum. Sahadan gelen bu deneyimi, Danke Digital \u00e7at\u0131s\u0131 alt\u0131nda yap\u0131land\u0131rarak daha kapsaml\u0131 bir hizmet ekosistemine d\u00f6n\u00fc\u015ft\u00fcrd\u00fcm.\",\"sameAs\":[\"http:\/\/www.dankedigital.co\",\"https:\/\/www.facebook.com\/p\/Mert-Sabuncu-61569340207872\/\",\"instagram.com\/mertsabuncu\",\"https:\/\/www.linkedin.com\/in\/mertsabuncu\/\",\"https:\/\/tr.pinterest.com\/dankedigital\",\"https:\/\/www.youtube.com\/channel\/UCLkclWCmWNeXvjwH2oFdS8A\",\"https:\/\/soundcloud.com\/sabuncakis\"],\"url\":\"https:\/\/www.dankedigital.co\/blog\/author\/mertly\/\"}]}<\/script>\n<!-- \/ Yoast SEO plugin. -->","yoast_head_json":{"title":"Bas\u0131n B\u00fclteni Nedir? 7 Ad\u0131mda Nas\u0131l Haz\u0131rlan\u0131r? \u00d6rneklerli Rehber","description":"Bas\u0131n b\u00fclteni nedir, nas\u0131l yaz\u0131l\u0131r? Bas\u0131n b\u00fclteni haz\u0131rlarken dikkat edilmesi gereken ad\u0131mlar ve T\u00fcrkiye\u2019den \u00f6rnekler.","robots":{"index":"index","follow":"follow","max-snippet":"max-snippet:-1","max-image-preview":"max-image-preview:large","max-video-preview":"max-video-preview:-1"},"canonical":"https:\/\/www.dankedigital.co\/blog\/basin-bulteni-nedir-7-adimda-nasil-hazirlanir-orneklerli-rehber\/","og_locale":"tr_TR","og_type":"article","og_title":"Bas\u0131n B\u00fclteni Nedir? 7 Ad\u0131mda Nas\u0131l Haz\u0131rlan\u0131r? \u00d6rneklerli Rehber","og_description":"Bas\u0131n b\u00fclteni nedir, nas\u0131l yaz\u0131l\u0131r? Bas\u0131n b\u00fclteni haz\u0131rlarken dikkat edilmesi gereken ad\u0131mlar ve T\u00fcrkiye\u2019den \u00f6rnekler.","og_url":"https:\/\/www.dankedigital.co\/blog\/basin-bulteni-nedir-7-adimda-nasil-hazirlanir-orneklerli-rehber\/","og_site_name":"Danke Digital Blog","article_author":"https:\/\/www.facebook.com\/p\/Mert-Sabuncu-61569340207872\/","article_published_time":"2025-09-07T21:03:51+00:00","article_modified_time":"2025-09-07T21:45:59+00:00","og_image":[{"width":1200,"height":673,"url":"https:\/\/www.dankedigital.co\/blog\/wp-content\/uploads\/2025\/09\/Basin-bulteni-nedir-nasil-hazirlanir-7-adim-rehber.jpg","type":"image\/jpeg"}],"author":"Mert Sabuncu","twitter_card":"summary_large_image","twitter_misc":{"Yazan:":"Mert Sabuncu","Tahmini okuma s\u00fcresi":"10 dakika"},"schema":{"@context":"https:\/\/schema.org","@graph":[{"@type":"Article","@id":"https:\/\/www.dankedigital.co\/blog\/basin-bulteni-nedir-7-adimda-nasil-hazirlanir-orneklerli-rehber\/#article","isPartOf":{"@id":"https:\/\/www.dankedigital.co\/blog\/basin-bulteni-nedir-7-adimda-nasil-hazirlanir-orneklerli-rehber\/"},"author":{"name":"Mert Sabuncu","@id":"https:\/\/www.dankedigital.co\/blog\/#\/schema\/person\/e3ce979bdeec403b65a035a62a79596b"},"headline":"Bas\u0131n B\u00fclteni Nedir? 7 Ad\u0131mda Nas\u0131l Haz\u0131rlan\u0131r? \u00d6rneklerli Rehber","datePublished":"2025-09-07T21:03:51+00:00","dateModified":"2025-09-07T21:45:59+00:00","mainEntityOfPage":{"@id":"https:\/\/www.dankedigital.co\/blog\/basin-bulteni-nedir-7-adimda-nasil-hazirlanir-orneklerli-rehber\/"},"wordCount":1879,"commentCount":0,"publisher":{"@id":"https:\/\/www.dankedigital.co\/blog\/#organization"},"image":{"@id":"https:\/\/www.dankedigital.co\/blog\/basin-bulteni-nedir-7-adimda-nasil-hazirlanir-orneklerli-rehber\/#primaryimage"},"thumbnailUrl":"https:\/\/www.dankedigital.co\/blog\/wp-content\/uploads\/2025\/09\/Basin-bulteni-nedir-nasil-hazirlanir-7-adim-rehber.jpg","articleSection":["Marka Rehberi","Metin Yazarl\u0131\u011f\u0131"],"inLanguage":"tr","potentialAction":[{"@type":"CommentAction","name":"Comment","target":["https:\/\/www.dankedigital.co\/blog\/basin-bulteni-nedir-7-adimda-nasil-hazirlanir-orneklerli-rehber\/#respond"]}]},{"@type":"WebPage","@id":"https:\/\/www.dankedigital.co\/blog\/basin-bulteni-nedir-7-adimda-nasil-hazirlanir-orneklerli-rehber\/","url":"https:\/\/www.dankedigital.co\/blog\/basin-bulteni-nedir-7-adimda-nasil-hazirlanir-orneklerli-rehber\/","name":"Bas\u0131n B\u00fclteni Nedir? 7 Ad\u0131mda Nas\u0131l Haz\u0131rlan\u0131r? \u00d6rneklerli Rehber","isPartOf":{"@id":"https:\/\/www.dankedigital.co\/blog\/#website"},"primaryImageOfPage":{"@id":"https:\/\/www.dankedigital.co\/blog\/basin-bulteni-nedir-7-adimda-nasil-hazirlanir-orneklerli-rehber\/#primaryimage"},"image":{"@id":"https:\/\/www.dankedigital.co\/blog\/basin-bulteni-nedir-7-adimda-nasil-hazirlanir-orneklerli-rehber\/#primaryimage"},"thumbnailUrl":"https:\/\/www.dankedigital.co\/blog\/wp-content\/uploads\/2025\/09\/Basin-bulteni-nedir-nasil-hazirlanir-7-adim-rehber.jpg","datePublished":"2025-09-07T21:03:51+00:00","dateModified":"2025-09-07T21:45:59+00:00","description":"Bas\u0131n b\u00fclteni nedir, nas\u0131l yaz\u0131l\u0131r? Bas\u0131n b\u00fclteni haz\u0131rlarken dikkat edilmesi gereken ad\u0131mlar ve T\u00fcrkiye\u2019den \u00f6rnekler.","breadcrumb":{"@id":"https:\/\/www.dankedigital.co\/blog\/basin-bulteni-nedir-7-adimda-nasil-hazirlanir-orneklerli-rehber\/#breadcrumb"},"inLanguage":"tr","potentialAction":[{"@type":"ReadAction","target":["https:\/\/www.dankedigital.co\/blog\/basin-bulteni-nedir-7-adimda-nasil-hazirlanir-orneklerli-rehber\/"]}]},{"@type":"ImageObject","inLanguage":"tr","@id":"https:\/\/www.dankedigital.co\/blog\/basin-bulteni-nedir-7-adimda-nasil-hazirlanir-orneklerli-rehber\/#primaryimage","url":"https:\/\/www.dankedigital.co\/blog\/wp-content\/uploads\/2025\/09\/Basin-bulteni-nedir-nasil-hazirlanir-7-adim-rehber.jpg","contentUrl":"https:\/\/www.dankedigital.co\/blog\/wp-content\/uploads\/2025\/09\/Basin-bulteni-nedir-nasil-hazirlanir-7-adim-rehber.jpg","width":1200,"height":673},{"@type":"BreadcrumbList","@id":"https:\/\/www.dankedigital.co\/blog\/basin-bulteni-nedir-7-adimda-nasil-hazirlanir-orneklerli-rehber\/#breadcrumb","itemListElement":[{"@type":"ListItem","position":1,"name":"Anasayfa","item":"https:\/\/www.dankedigital.co\/blog\/"},{"@type":"ListItem","position":2,"name":"Bas\u0131n B\u00fclteni Nedir? 7 Ad\u0131mda Nas\u0131l Haz\u0131rlan\u0131r? \u00d6rneklerli Rehber"}]},{"@type":"WebSite","@id":"https:\/\/www.dankedigital.co\/blog\/#website","url":"https:\/\/www.dankedigital.co\/blog\/","name":"Danke Digital Blog","description":"","publisher":{"@id":"https:\/\/www.dankedigital.co\/blog\/#organization"},"potentialAction":[{"@type":"SearchAction","target":{"@type":"EntryPoint","urlTemplate":"https:\/\/www.dankedigital.co\/blog\/?s={search_term_string}"},"query-input":{"@type":"PropertyValueSpecification","valueRequired":true,"valueName":"search_term_string"}}],"inLanguage":"tr"},{"@type":"Organization","@id":"https:\/\/www.dankedigital.co\/blog\/#organization","name":"Danke Digital Blog","url":"https:\/\/www.dankedigital.co\/blog\/","logo":{"@type":"ImageObject","inLanguage":"tr","@id":"https:\/\/www.dankedigital.co\/blog\/#\/schema\/logo\/image\/","url":"https:\/\/www.dankedigital.co\/blog\/wp-content\/uploads\/2025\/08\/cropped-cropped-dankee.jpg","contentUrl":"https:\/\/www.dankedigital.co\/blog\/wp-content\/uploads\/2025\/08\/cropped-cropped-dankee.jpg","width":512,"height":512,"caption":"Danke Digital Blog"},"image":{"@id":"https:\/\/www.dankedigital.co\/blog\/#\/schema\/logo\/image\/"}},{"@type":"Person","@id":"https:\/\/www.dankedigital.co\/blog\/#\/schema\/person\/e3ce979bdeec403b65a035a62a79596b","name":"Mert Sabuncu","image":{"@type":"ImageObject","inLanguage":"tr","@id":"https:\/\/www.dankedigital.co\/blog\/#\/schema\/person\/image\/","url":"https:\/\/secure.gravatar.com\/avatar\/8acfe736f28010765bcf1135543985f580f097aeb570aa308a0a4e2d1cb3384d?s=96&d=mm&r=g","contentUrl":"https:\/\/secure.gravatar.com\/avatar\/8acfe736f28010765bcf1135543985f580f097aeb570aa308a0a4e2d1cb3384d?s=96&d=mm&r=g","caption":"Mert Sabuncu"},"description":"Merhaba, ben Mert Sabuncu. Beyo\u011flu \u0130stanbul do\u011fumluyum. Beykent \u00dcniversitesi\u2019nde, G\u00f6rsel \u0130leti\u015fim ve Tasar\u0131m, \u0130stanbul \u00dcniversitesinde Gazetecilik okudum. 15 y\u0131l\u0131 a\u015fk\u0131n s\u00fcredir dijital pazarlama alan\u0131nda aktif olarak \u00e7al\u0131\u015f\u0131yorum. Bug\u00fcne kadar y\u00fczlerce markaya, ajansa, i\u015fletmeye ve giri\u015fimciye dijital \u00e7\u00f6z\u00fcmler sundum. Sahadan gelen bu deneyimi, Danke Digital \u00e7at\u0131s\u0131 alt\u0131nda yap\u0131land\u0131rarak daha kapsaml\u0131 bir hizmet ekosistemine d\u00f6n\u00fc\u015ft\u00fcrd\u00fcm.","sameAs":["http:\/\/www.dankedigital.co","https:\/\/www.facebook.com\/p\/Mert-Sabuncu-61569340207872\/","instagram.com\/mertsabuncu","https:\/\/www.linkedin.com\/in\/mertsabuncu\/","https:\/\/tr.pinterest.com\/dankedigital","https:\/\/www.youtube.com\/channel\/UCLkclWCmWNeXvjwH2oFdS8A","https:\/\/soundcloud.com\/sabuncakis"],"url":"https:\/\/www.dankedigital.co\/blog\/author\/mertly\/"}]}},"_links":{"self":[{"href":"https:\/\/www.dankedigital.co\/blog\/wp-json\/wp\/v2\/posts\/9512","targetHints":{"allow":["GET"]}}],"collection":[{"href":"https:\/\/www.dankedigital.co\/blog\/wp-json\/wp\/v2\/posts"}],"about":[{"href":"https:\/\/www.dankedigital.co\/blog\/wp-json\/wp\/v2\/types\/post"}],"author":[{"embeddable":true,"href":"https:\/\/www.dankedigital.co\/blog\/wp-json\/wp\/v2\/users\/1"}],"replies":[{"embeddable":true,"href":"https:\/\/www.dankedigital.co\/blog\/wp-json\/wp\/v2\/comments?post=9512"}],"version-history":[{"count":3,"href":"https:\/\/www.dankedigital.co\/blog\/wp-json\/wp\/v2\/posts\/9512\/revisions"}],"predecessor-version":[{"id":9526,"href":"https:\/\/www.dankedigital.co\/blog\/wp-json\/wp\/v2\/posts\/9512\/revisions\/9526"}],"wp:featuredmedia":[{"embeddable":true,"href":"https:\/\/www.dankedigital.co\/blog\/wp-json\/wp\/v2\/media\/9521"}],"wp:attachment":[{"href":"https:\/\/www.dankedigital.co\/blog\/wp-json\/wp\/v2\/media?parent=9512"}],"wp:term":[{"taxonomy":"category","embeddable":true,"href":"https:\/\/www.dankedigital.co\/blog\/wp-json\/wp\/v2\/categories?post=9512"},{"taxonomy":"post_tag","embeddable":true,"href":"https:\/\/www.dankedigital.co\/blog\/wp-json\/wp\/v2\/tags?post=9512"}],"curies":[{"name":"wp","href":"https:\/\/api.w.org\/{rel}","templated":true}]}}